{"id":13,"date":"2023-10-27T14:20:00","date_gmt":"2023-10-27T12:20:00","guid":{"rendered":"https:\/\/bibliotheque.tel\/blog\/?p=13"},"modified":"2023-10-27T14:59:23","modified_gmt":"2023-10-27T12:59:23","slug":"des-marque-pages-aimantes-concus-a-la-bibliotheque-de-plemet","status":"publish","type":"post","link":"https:\/\/bibliotheque.tel\/blog\/2023\/10\/27\/des-marque-pages-aimantes-concus-a-la-bibliotheque-de-plemet\/","title":{"rendered":"Des marque-pages aimant\u00e9s con\u00e7us \u00e0 la biblioth\u00e8que de Pl\u00e9met"},"content":{"rendered":"<p>Dans un monde o\u00f9 la lecture num\u00e9rique gagne en popularit\u00e9, la biblioth\u00e8que de Pl\u00e9met se d\u00e9marque en organisant un atelier sp\u00e9cial pour cr\u00e9er des marque-pages aimant\u00e9s. Cette initiative ludique et artistique a r\u00e9uni petits et grands autour d&rsquo;une activit\u00e9 conviviale et cr\u00e9ative.<\/p>\n<div id=\"ez-toc-container\" class=\"ez-toc-v2_0_75 counter-hierarchy ez-toc-counter ez-toc-grey ez-toc-container-direction\">\n<div class=\"ez-toc-title-container\">\n<p class=\"ez-toc-title\" style=\"cursor:inherit\">Table of Contents<\/p>\n<span class=\"ez-toc-title-toggle\"><a href=\"#\" class=\"ez-toc-pull-right ez-toc-btn ez-toc-btn-xs ez-toc-btn-default ez-toc-toggle\" aria-label=\"Toggle Table of Content\"><span class=\"ez-toc-js-icon-con\"><span class=\"\"><span class=\"eztoc-hide\" style=\"display:none;\">Toggle<\/span><span class=\"ez-toc-icon-toggle-span\"><svg style=\"fill: #999;color:#999\" xmlns=\"http:\/\/www.w3.org\/2000\/svg\" class=\"list-377408\" width=\"20px\" height=\"20px\" viewBox=\"0 0 24 24\" fill=\"none\"><path d=\"M6 6H4v2h2V6zm14 0H8v2h12V6zM4 11h2v2H4v-2zm16 0H8v2h12v-2zM4 16h2v2H4v-2zm16 0H8v2h12v-2z\" fill=\"currentColor\"><\/path><\/svg><svg style=\"fill: #999;color:#999\" class=\"arrow-unsorted-368013\" xmlns=\"http:\/\/www.w3.org\/2000\/svg\" width=\"10px\" height=\"10px\" viewBox=\"0 0 24 24\" version=\"1.2\" baseProfile=\"tiny\"><path d=\"M18.2 9.3l-6.2-6.3-6.2 6.3c-.2.2-.3.4-.3.7s.1.5.3.7c.2.2.4.3.7.3h11c.3 0 .5-.1.7-.3.2-.2.3-.5.3-.7s-.1-.5-.3-.7zM5.8 14.7l6.2 6.3 6.2-6.3c.2-.2.3-.5.3-.7s-.1-.5-.3-.7c-.2-.2-.4-.3-.7-.3h-11c-.3 0-.5.1-.7.3-.2.2-.3.5-.3.7s.1.5.3.7z\"\/><\/svg><\/span><\/span><\/span><\/a><\/span><\/div>\n<nav><ul class='ez-toc-list ez-toc-list-level-1 ' ><li class='ez-toc-page-1 ez-toc-heading-level-2'><a class=\"ez-toc-link ez-toc-heading-1\" href=\"https:\/\/bibliotheque.tel\/blog\/2023\/10\/27\/des-marque-pages-aimantes-concus-a-la-bibliotheque-de-plemet\/#La_genese_de_latelier\" >La gen\u00e8se de l&rsquo;atelier<\/a><ul class='ez-toc-list-level-3' ><li class='ez-toc-heading-level-3'><a class=\"ez-toc-link ez-toc-heading-2\" href=\"https:\/\/bibliotheque.tel\/blog\/2023\/10\/27\/des-marque-pages-aimantes-concus-a-la-bibliotheque-de-plemet\/#Limportance_du_lien_social\" >L&rsquo;importance du lien social<\/a><\/li><\/ul><\/li><li class='ez-toc-page-1 ez-toc-heading-level-2'><a class=\"ez-toc-link ez-toc-heading-3\" href=\"https:\/\/bibliotheque.tel\/blog\/2023\/10\/27\/des-marque-pages-aimantes-concus-a-la-bibliotheque-de-plemet\/#La_bibliotheque_de_Plemet_un_lieu_de_vie_et_de_partage\" >La biblioth\u00e8que de Pl\u00e9met : un lieu de vie et de partage<\/a><ul class='ez-toc-list-level-3' ><li class='ez-toc-heading-level-3'><a class=\"ez-toc-link ez-toc-heading-4\" href=\"https:\/\/bibliotheque.tel\/blog\/2023\/10\/27\/des-marque-pages-aimantes-concus-a-la-bibliotheque-de-plemet\/#Quelques_exemples_dautres_activites_proposees_par_la_bibliotheque\" >Quelques exemples d&rsquo;autres activit\u00e9s propos\u00e9es par la biblioth\u00e8que<\/a><\/li><\/ul><\/li><li class='ez-toc-page-1 ez-toc-heading-level-2'><a class=\"ez-toc-link ez-toc-heading-5\" href=\"https:\/\/bibliotheque.tel\/blog\/2023\/10\/27\/des-marque-pages-aimantes-concus-a-la-bibliotheque-de-plemet\/#Inciter_les_usagers_a_preserver_le_plaisir_de_la_lecture_traditionnelle\" >Inciter les usagers \u00e0 pr\u00e9server le plaisir de la lecture traditionnelle<\/a><ul class='ez-toc-list-level-3' ><li class='ez-toc-heading-level-3'><a class=\"ez-toc-link ez-toc-heading-6\" href=\"https:\/\/bibliotheque.tel\/blog\/2023\/10\/27\/des-marque-pages-aimantes-concus-a-la-bibliotheque-de-plemet\/#Les_bienfaits_du_marque-page_aimante_pour_les_lecteurs\" >Les bienfaits du marque-page aimant\u00e9 pour les lecteurs<\/a><\/li><\/ul><\/li><\/ul><\/nav><\/div>\n<h2><span class=\"ez-toc-section\" id=\"La_genese_de_latelier\"><\/span>La gen\u00e8se de l&rsquo;atelier<span class=\"ez-toc-section-end\"><\/span><\/h2>\n<p>Le <strong>mercredi 25 octobre 2023<\/strong>, la biblioth\u00e8que de Pl\u00e9met a accueilli <em>Claudine Corbel,<\/em> une b\u00e9n\u00e9vole passionn\u00e9e d&rsquo;art et de cr\u00e9ativit\u00e9. En compagnie de Charlotte Le Dourneuf, responsable de la biblioth\u00e8que, Claudine a anim\u00e9 un atelier exceptionnel de cr\u00e9ation de marque-pages aimant\u00e9s, partageant ainsi ses connaissances techniques avec les participants pr\u00e9sents. Une dizaine d&rsquo;enfants et d&rsquo;adultes ont profit\u00e9 de cette occasion pour r\u00e9aliser des marque-pages originaux et po\u00e9tiques, guid\u00e9s par Claudine \u00e9tape par \u00e9tape.<\/p>\n<h3><span class=\"ez-toc-section\" id=\"Limportance_du_lien_social\"><\/span>L&rsquo;importance du lien social<span class=\"ez-toc-section-end\"><\/span><\/h3>\n<p>Cette s\u00e9ance conviviale a permis aux petits comme aux grands de partager un moment plaisant tout en mettant \u00e0 contribution leur imagination et leur adresse manuelle. Les participants ont pu \u00e9changer entre eux tout au long de l&rsquo;atelier, favorisant ainsi les rencontres et renfor\u00e7ant le lien social.<\/p>\n<ul>\n<li><strong>Nouveaut\u00e9 :<\/strong> l&rsquo;utilisation d&rsquo;aimants rend ces marque-pages particuli\u00e8rement innovants et pratiques.<\/li>\n<li><strong>Convivialit\u00e9 :<\/strong> l&rsquo;atelier a favoris\u00e9 la rencontre entre des personnes de tous \u00e2ges ayant un int\u00e9r\u00eat commun pour la lecture.<\/li>\n<li><strong>Apprentissage :<\/strong> l&rsquo;intervention d&rsquo;une b\u00e9n\u00e9vole a permis aux participants d&rsquo;apprendre les secrets de fabrication de ces objets singuliers.<\/li>\n<\/ul>\n<h2><span class=\"ez-toc-section\" id=\"La_bibliotheque_de_Plemet_un_lieu_de_vie_et_de_partage\"><\/span>La biblioth\u00e8que de Pl\u00e9met : un lieu de vie et de partage<span class=\"ez-toc-section-end\"><\/span><\/h2>\n<p>La cr\u00e9ation de cet atelier t\u00e9moigne de la volont\u00e9 de la biblioth\u00e8que de Pl\u00e9met de <strong>proposer des activit\u00e9s novatrices<\/strong> \u00e0 ses usagers, allant au-del\u00e0 des simples pr\u00eats de livres.  C&rsquo;est en multipliant ce genre d&rsquo;initiatives que la biblioth\u00e8que entend attirer toujours plus de curieux et ainsi continuer \u00e0 s\u2019affirmer comme <em>un lieu de vie et de partage culturel<\/em>.<\/p>\n<h3><span class=\"ez-toc-section\" id=\"Quelques_exemples_dautres_activites_proposees_par_la_bibliotheque\"><\/span>Quelques exemples d&rsquo;autres activit\u00e9s propos\u00e9es par la biblioth\u00e8que<span class=\"ez-toc-section-end\"><\/span><\/h3>\n<ul>\n<li>Projections de films pour tous les publics : s\u00e9ances destin\u00e9es aux enfants ou aux familles pour d\u00e9couvrir des \u0153uvres cin\u00e9matographiques vari\u00e9es.<\/li>\n<li>Heure du conte : une animation o\u00f9 les plus jeunes (et leurs parents) sont convi\u00e9s \u00e0 \u00e9couter des histoires et contes racont\u00e9s par les biblioth\u00e9caires.<\/li>\n<li>Ateliers d&rsquo;\u00e9criture : pour ceux qui souhaitent s&rsquo;essayer \u00e0 la composition litt\u00e9raire, sous la houlette d&rsquo;un animateur exp\u00e9riment\u00e9.<\/li>\n<li>Expositions : la d\u00e9couverte des talents locaux et d&rsquo;artistes du monde entier, \u00e0 travers leurs cr\u00e9ations plastiques ou photographiques.<\/li>\n<\/ul>\n<h2><span class=\"ez-toc-section\" id=\"Inciter_les_usagers_a_preserver_le_plaisir_de_la_lecture_traditionnelle\"><\/span>Inciter les usagers \u00e0 pr\u00e9server le plaisir de la lecture traditionnelle<span class=\"ez-toc-section-end\"><\/span><\/h2>\n<p>S&rsquo;il est vrai que l&rsquo;\u00e9volution technologique a transform\u00e9 les habitudes de lecture de nombreuses personnes, avec la prolif\u00e9ration des liseuses \u00e9lectroniques, il n&rsquo;en demeure pas moins que <strong>le plaisir de tourner les pages d&rsquo;un livre traditionnel demeure irrempla\u00e7able<\/strong>. C&rsquo;est cette conviction qui anime la biblioth\u00e8que de Pl\u00e9met lorsqu&rsquo;elle organise ce type d&rsquo;ateliers, o\u00f9 la fabrication d&rsquo;un objet de papier sert non seulement \u00e0 encourager la pratique de la lecture, mais aussi \u00e0 entretenir et perp\u00e9tuer une certaine tradition du livre imprim\u00e9.<\/p>\n<h3><span class=\"ez-toc-section\" id=\"Les_bienfaits_du_marque-page_aimante_pour_les_lecteurs\"><\/span>Les bienfaits du marque-page aimant\u00e9 pour les lecteurs<span class=\"ez-toc-section-end\"><\/span><\/h3>\n<ul>\n<li><strong>Praticit\u00e9 :<\/strong> gr\u00e2ce \u00e0 son syst\u00e8me magn\u00e9tique, le marque-page reste solidement accroch\u00e9 au livre, \u00e9vitant ainsi qu&rsquo;il ne se perde ou ne tombe accidentellement.<\/li>\n<li><strong>Personnalisation :<\/strong> chaque participant peut cr\u00e9er un marque-page unique, refl\u00e9tant sa personnalit\u00e9 et ses go\u00fbts artistiques.<\/li>\n<li><strong>Fabrication :<\/strong> le processus cr\u00e9atif contribue \u00e0 renforcer le lien affectif entre les participants et leur r\u00e9alisation, ce qui encourage davantage leur int\u00e9r\u00eat pour le livre.<\/li>\n<li><strong>Polyvalence :<\/strong> en marge de son utilit\u00e9 pratique, le marque-page aimant\u00e9 peut \u00e9galement servir d&rsquo;objet d\u00e9coratif pour personnaliser un coin lecture ou \u00eatre offert en cadeau.<\/li>\n<\/ul>\n<p>En conclusion, l&rsquo;organisation d&rsquo;ateliers tels que celui des marque-pages aimant\u00e9s par la biblioth\u00e8que de Pl\u00e9met illustre la volont\u00e9 des acteurs du monde du livre de trouver sans cesse de <strong>nouvelles mani\u00e8res d&rsquo;inciter les usagers \u00e0 lire et appr\u00e9cier le plaisir intact de la lecture traditionnelle<\/strong>, ainsi qu&rsquo;\u00e0 partager cette passion avec leurs proches.<\/p>\n","protected":false},"excerpt":{"rendered":"<div class=\"mh-excerpt\"><p>Dans un monde o\u00f9 la lecture num\u00e9rique gagne en popularit\u00e9, la biblioth\u00e8que de Pl\u00e9met se d\u00e9marque en organisant un atelier sp\u00e9cial pour cr\u00e9er des marque-pages <a class=\"mh-excerpt-more\" href=\"https:\/\/bibliotheque.tel\/blog\/2023\/10\/27\/des-marque-pages-aimantes-concus-a-la-bibliotheque-de-plemet\/\" title=\"Des marque-pages aimant\u00e9s con\u00e7us \u00e0 la biblioth\u00e8que de Pl\u00e9met\">[&#8230;]<\/a><\/p>\n<\/div>","protected":false},"author":5,"featured_media":15,"comment_status":"open","ping_status":"open","sticky":false,"template":"","format":"standard","meta":{"footnotes":""},"categories":[1],"tags":[],"class_list":["post-13","post","type-post","status-publish","format-standard","has-post-thumbnail","hentry","category-non-classe"],"_links":{"self":[{"href":"https:\/\/bibliotheque.tel\/blog\/wp-json\/wp\/v2\/posts\/13","targetHints":{"allow":["GET"]}}],"collection":[{"href":"https:\/\/bibliotheque.tel\/blog\/wp-json\/wp\/v2\/posts"}],"about":[{"href":"https:\/\/bibliotheque.tel\/blog\/wp-json\/wp\/v2\/types\/post"}],"author":[{"embeddable":true,"href":"https:\/\/bibliotheque.tel\/blog\/wp-json\/wp\/v2\/users\/5"}],"replies":[{"embeddable":true,"href":"https:\/\/bibliotheque.tel\/blog\/wp-json\/wp\/v2\/comments?post=13"}],"version-history":[{"count":1,"href":"https:\/\/bibliotheque.tel\/blog\/wp-json\/wp\/v2\/posts\/13\/revisions"}],"predecessor-version":[{"id":16,"href":"https:\/\/bibliotheque.tel\/blog\/wp-json\/wp\/v2\/posts\/13\/revisions\/16"}],"wp:featuredmedia":[{"embeddable":true,"href":"https:\/\/bibliotheque.tel\/blog\/wp-json\/wp\/v2\/media\/15"}],"wp:attachment":[{"href":"https:\/\/bibliotheque.tel\/blog\/wp-json\/wp\/v2\/media?parent=13"}],"wp:term":[{"taxonomy":"category","embeddable":true,"href":"https:\/\/bibliotheque.tel\/blog\/wp-json\/wp\/v2\/categories?post=13"},{"taxonomy":"post_tag","embeddable":true,"href":"https:\/\/bibliotheque.tel\/blog\/wp-json\/wp\/v2\/tags?post=13"}],"curies":[{"name":"wp","href":"https:\/\/api.w.org\/{rel}","templated":true}]}}